{"id":9630,"date":"2023-01-31T10:42:53","date_gmt":"2023-01-31T09:42:53","guid":{"rendered":"https:\/\/www.copas.lu\/?post_type=revue-de-presse&#038;p=9630"},"modified":"2023-01-31T10:42:53","modified_gmt":"2023-01-31T09:42:53","slug":"dei-nachst-indextranche-gett-den-1-februar-falleg","status":"publish","type":"revue-de-presse","link":"https:\/\/www.copas.lu\/de\/revue-de-presse\/dei-nachst-indextranche-gett-den-1-februar-falleg\/","title":{"rendered":"D\u00e9i n\u00e4chst Indextranche g\u00ebtt den 1. Februar f\u00e4lleg"},"content":{"rendered":"","protected":false},"excerpt":{"rendered":"","protected":false},"featured_media":9629,"template":"","class_list":["post-9630","revue-de-presse","type-revue-de-presse","status-publish","has-post-thumbnail","hentry"],"acf":[],"_links":{"self":[{"href":"https:\/\/www.copas.lu\/de\/wp-json\/wp\/v2\/revue-de-presse\/9630","targetHints":{"allow":["GET"]}}],"collection":[{"href":"https:\/\/www.copas.lu\/de\/wp-json\/wp\/v2\/revue-de-presse"}],"about":[{"href":"https:\/\/www.copas.lu\/de\/wp-json\/wp\/v2\/types\/revue-de-presse"}],"wp:featuredmedia":[{"embeddable":true,"href":"https:\/\/www.copas.lu\/de\/wp-json\/wp\/v2\/media\/9629"}],"wp:attachment":[{"href":"https:\/\/www.copas.lu\/de\/wp-json\/wp\/v2\/media?parent=9630"}],"curies":[{"name":"wp","href":"https:\/\/api.w.org\/{rel}","templated":true}]}}