{"id":9595,"date":"2023-01-25T14:47:47","date_gmt":"2023-01-25T13:47:47","guid":{"rendered":"https:\/\/www.copas.lu\/?post_type=revue-de-presse&#038;p=9595"},"modified":"2023-01-25T14:47:47","modified_gmt":"2023-01-25T13:47:47","slug":"les-seances-de-psychotherapie-remboursees-a-partir-du-1er-fevrier","status":"publish","type":"revue-de-presse","link":"https:\/\/www.copas.lu\/de\/revue-de-presse\/les-seances-de-psychotherapie-remboursees-a-partir-du-1er-fevrier\/","title":{"rendered":"Les s\u00e9ances de psychoth\u00e9rapie rembours\u00e9es \u00e0 partir du 1er f\u00e9vrier"},"content":{"rendered":"","protected":false},"excerpt":{"rendered":"","protected":false},"featured_media":9587,"template":"","class_list":["post-9595","revue-de-presse","type-revue-de-presse","status-publish","has-post-thumbnail","hentry"],"acf":[],"_links":{"self":[{"href":"https:\/\/www.copas.lu\/de\/wp-json\/wp\/v2\/revue-de-presse\/9595","targetHints":{"allow":["GET"]}}],"collection":[{"href":"https:\/\/www.copas.lu\/de\/wp-json\/wp\/v2\/revue-de-presse"}],"about":[{"href":"https:\/\/www.copas.lu\/de\/wp-json\/wp\/v2\/types\/revue-de-presse"}],"wp:featuredmedia":[{"embeddable":true,"href":"https:\/\/www.copas.lu\/de\/wp-json\/wp\/v2\/media\/9587"}],"wp:attachment":[{"href":"https:\/\/www.copas.lu\/de\/wp-json\/wp\/v2\/media?parent=9595"}],"curies":[{"name":"wp","href":"https:\/\/api.w.org\/{rel}","templated":true}]}}