{"id":6155,"date":"2021-07-27T11:28:54","date_gmt":"2021-08-02T09:28:28","guid":{"rendered":"https:\/\/www.copas.lu\/?post_type=revue-de-presse&#038;p=6155"},"modified":"2021-08-02T11:28:45","modified_gmt":"2021-08-02T09:28:45","slug":"anil-fleegeaspekter-hatte-misse-mei-am-detail-analyseiert-ginn","status":"publish","type":"revue-de-presse","link":"https:\/\/www.copas.lu\/de\/revue-de-presse\/anil-fleegeaspekter-hatte-misse-mei-am-detail-analyseiert-ginn\/","title":{"rendered":"ANIL: Fleegeaspekter h\u00e4tte misse m\u00e9i am Detail analys\u00e9iert ginn"},"content":{"rendered":"","protected":false},"excerpt":{"rendered":"","protected":false},"featured_media":4507,"template":"","class_list":["post-6155","revue-de-presse","type-revue-de-presse","status-publish","has-post-thumbnail","hentry"],"acf":[],"_links":{"self":[{"href":"https:\/\/www.copas.lu\/de\/wp-json\/wp\/v2\/revue-de-presse\/6155","targetHints":{"allow":["GET"]}}],"collection":[{"href":"https:\/\/www.copas.lu\/de\/wp-json\/wp\/v2\/revue-de-presse"}],"about":[{"href":"https:\/\/www.copas.lu\/de\/wp-json\/wp\/v2\/types\/revue-de-presse"}],"wp:featuredmedia":[{"embeddable":true,"href":"https:\/\/www.copas.lu\/de\/wp-json\/wp\/v2\/media\/4507"}],"wp:attachment":[{"href":"https:\/\/www.copas.lu\/de\/wp-json\/wp\/v2\/media?parent=6155"}],"curies":[{"name":"wp","href":"https:\/\/api.w.org\/{rel}","templated":true}]}}