{"id":4961,"date":"2021-03-04T08:17:54","date_gmt":"2021-03-05T07:17:57","guid":{"rendered":"https:\/\/www.copas.lu\/?post_type=revue-de-presse&#038;p=4961"},"modified":"2021-03-05T08:19:09","modified_gmt":"2021-03-05T07:19:09","slug":"gesetzprojet-7753-ogbl-faert-privatiseierungstendenzen-am-effentleche-secteur","status":"publish","type":"revue-de-presse","link":"https:\/\/www.copas.lu\/de\/revue-de-presse\/gesetzprojet-7753-ogbl-faert-privatiseierungstendenzen-am-effentleche-secteur\/","title":{"rendered":"Gesetzprojet 7753: OGBL f\u00e4ert Privatis\u00e9ierungstendenzen am \u00ebffentleche Secteur"},"content":{"rendered":"","protected":false},"excerpt":{"rendered":"","protected":false},"featured_media":4955,"template":"","class_list":["post-4961","revue-de-presse","type-revue-de-presse","status-publish","has-post-thumbnail","hentry"],"acf":[],"_links":{"self":[{"href":"https:\/\/www.copas.lu\/de\/wp-json\/wp\/v2\/revue-de-presse\/4961","targetHints":{"allow":["GET"]}}],"collection":[{"href":"https:\/\/www.copas.lu\/de\/wp-json\/wp\/v2\/revue-de-presse"}],"about":[{"href":"https:\/\/www.copas.lu\/de\/wp-json\/wp\/v2\/types\/revue-de-presse"}],"wp:featuredmedia":[{"embeddable":true,"href":"https:\/\/www.copas.lu\/de\/wp-json\/wp\/v2\/media\/4955"}],"wp:attachment":[{"href":"https:\/\/www.copas.lu\/de\/wp-json\/wp\/v2\/media?parent=4961"}],"curies":[{"name":"wp","href":"https:\/\/api.w.org\/{rel}","templated":true}]}}