{"id":3581,"date":"2020-10-26T11:36:52","date_gmt":"2020-10-26T10:36:52","guid":{"rendered":"https:\/\/www.copas.lu\/?post_type=revue-de-presse&#038;p=3581"},"modified":"2020-10-26T11:36:52","modified_gmt":"2020-10-26T10:36:52","slug":"letzebuerger-spideeler-sich-no-personal-gett-emmer-mei-schweier","status":"publish","type":"revue-de-presse","link":"https:\/\/www.copas.lu\/de\/revue-de-presse\/letzebuerger-spideeler-sich-no-personal-gett-emmer-mei-schweier\/","title":{"rendered":"L\u00ebtzebuerger Spideeler: Sich no Personal g\u00ebtt \u00ebmmer m\u00e9i schw\u00e9ier"},"content":{"rendered":"","protected":false},"excerpt":{"rendered":"","protected":false},"featured_media":3574,"template":"","class_list":["post-3581","revue-de-presse","type-revue-de-presse","status-publish","has-post-thumbnail","hentry"],"acf":[],"_links":{"self":[{"href":"https:\/\/www.copas.lu\/de\/wp-json\/wp\/v2\/revue-de-presse\/3581","targetHints":{"allow":["GET"]}}],"collection":[{"href":"https:\/\/www.copas.lu\/de\/wp-json\/wp\/v2\/revue-de-presse"}],"about":[{"href":"https:\/\/www.copas.lu\/de\/wp-json\/wp\/v2\/types\/revue-de-presse"}],"wp:featuredmedia":[{"embeddable":true,"href":"https:\/\/www.copas.lu\/de\/wp-json\/wp\/v2\/media\/3574"}],"wp:attachment":[{"href":"https:\/\/www.copas.lu\/de\/wp-json\/wp\/v2\/media?parent=3581"}],"curies":[{"name":"wp","href":"https:\/\/api.w.org\/{rel}","templated":true}]}}