{"id":3195,"date":"2020-09-14T11:31:54","date_gmt":"2020-09-15T09:31:53","guid":{"rendered":"https:\/\/www.copas.lu\/?post_type=revue-de-presse&#038;p=3195"},"modified":"2020-09-15T11:32:01","modified_gmt":"2020-09-15T09:32:01","slug":"kraizbierg-evaluatioun-a-mediatioun-geint-dei-intern-kris","status":"publish","type":"revue-de-presse","link":"https:\/\/www.copas.lu\/de\/revue-de-presse\/kraizbierg-evaluatioun-a-mediatioun-geint-dei-intern-kris\/","title":{"rendered":"Kr\u00e4izbierg: Evaluatioun a Mediatioun g\u00e9int d\u00e9i intern Kris"},"content":{"rendered":"","protected":false},"excerpt":{"rendered":"","protected":false},"featured_media":3180,"template":"","class_list":["post-3195","revue-de-presse","type-revue-de-presse","status-publish","has-post-thumbnail","hentry"],"acf":[],"_links":{"self":[{"href":"https:\/\/www.copas.lu\/de\/wp-json\/wp\/v2\/revue-de-presse\/3195","targetHints":{"allow":["GET"]}}],"collection":[{"href":"https:\/\/www.copas.lu\/de\/wp-json\/wp\/v2\/revue-de-presse"}],"about":[{"href":"https:\/\/www.copas.lu\/de\/wp-json\/wp\/v2\/types\/revue-de-presse"}],"wp:featuredmedia":[{"embeddable":true,"href":"https:\/\/www.copas.lu\/de\/wp-json\/wp\/v2\/media\/3180"}],"wp:attachment":[{"href":"https:\/\/www.copas.lu\/de\/wp-json\/wp\/v2\/media?parent=3195"}],"curies":[{"name":"wp","href":"https:\/\/api.w.org\/{rel}","templated":true}]}}