{"id":3071,"date":"2020-08-31T14:26:16","date_gmt":"2020-08-31T12:26:16","guid":{"rendered":"https:\/\/www.copas.lu\/?post_type=revue-de-presse&#038;p=3071"},"modified":"2020-08-31T14:26:16","modified_gmt":"2020-08-31T12:26:16","slug":"remich-defizitares-altersheim-konnte-in-neue-hande-wechseln","status":"publish","type":"revue-de-presse","link":"https:\/\/www.copas.lu\/de\/revue-de-presse\/remich-defizitares-altersheim-konnte-in-neue-hande-wechseln\/","title":{"rendered":"Remich: Defizit\u00e4res Altersheim k\u00f6nnte in neue H\u00e4nde wechseln"},"content":{"rendered":"","protected":false},"excerpt":{"rendered":"","protected":false},"featured_media":3072,"template":"","class_list":["post-3071","revue-de-presse","type-revue-de-presse","status-publish","has-post-thumbnail","hentry"],"acf":[],"_links":{"self":[{"href":"https:\/\/www.copas.lu\/de\/wp-json\/wp\/v2\/revue-de-presse\/3071","targetHints":{"allow":["GET"]}}],"collection":[{"href":"https:\/\/www.copas.lu\/de\/wp-json\/wp\/v2\/revue-de-presse"}],"about":[{"href":"https:\/\/www.copas.lu\/de\/wp-json\/wp\/v2\/types\/revue-de-presse"}],"wp:featuredmedia":[{"embeddable":true,"href":"https:\/\/www.copas.lu\/de\/wp-json\/wp\/v2\/media\/3072"}],"wp:attachment":[{"href":"https:\/\/www.copas.lu\/de\/wp-json\/wp\/v2\/media?parent=3071"}],"curies":[{"name":"wp","href":"https:\/\/api.w.org\/{rel}","templated":true}]}}