{"id":2861,"date":"2020-07-19T15:55:54","date_gmt":"2020-07-20T13:55:39","guid":{"rendered":"https:\/\/www.copas.lu\/?post_type=revue-de-presse&#038;p=2861"},"modified":"2020-07-23T10:25:44","modified_gmt":"2020-07-23T08:25:44","slug":"die-sante-war-fur-die-zweite-welle-nicht-optimal-gerustet","status":"publish","type":"revue-de-presse","link":"https:\/\/www.copas.lu\/de\/revue-de-presse\/die-sante-war-fur-die-zweite-welle-nicht-optimal-gerustet\/","title":{"rendered":"Die Sant\u00e9 war f\u00fcr die zweite Welle nicht optimal ger\u00fcstet"},"content":{"rendered":"","protected":false},"excerpt":{"rendered":"","protected":false},"featured_media":2870,"template":"","class_list":["post-2861","revue-de-presse","type-revue-de-presse","status-publish","has-post-thumbnail","hentry"],"acf":[],"_links":{"self":[{"href":"https:\/\/www.copas.lu\/de\/wp-json\/wp\/v2\/revue-de-presse\/2861","targetHints":{"allow":["GET"]}}],"collection":[{"href":"https:\/\/www.copas.lu\/de\/wp-json\/wp\/v2\/revue-de-presse"}],"about":[{"href":"https:\/\/www.copas.lu\/de\/wp-json\/wp\/v2\/types\/revue-de-presse"}],"wp:featuredmedia":[{"embeddable":true,"href":"https:\/\/www.copas.lu\/de\/wp-json\/wp\/v2\/media\/2870"}],"wp:attachment":[{"href":"https:\/\/www.copas.lu\/de\/wp-json\/wp\/v2\/media?parent=2861"}],"curies":[{"name":"wp","href":"https:\/\/api.w.org\/{rel}","templated":true}]}}