{"id":13558,"date":"2025-01-28T13:32:08","date_gmt":"2025-01-28T12:32:08","guid":{"rendered":"https:\/\/www.copas.lu\/?post_type=revue-de-presse&#038;p=13558"},"modified":"2025-01-28T13:32:08","modified_gmt":"2025-01-28T12:32:08","slug":"mei-finanziell-hellef-fir-leit-mat-weineg-moyenen","status":"publish","type":"revue-de-presse","link":"https:\/\/www.copas.lu\/de\/revue-de-presse\/mei-finanziell-hellef-fir-leit-mat-weineg-moyenen\/","title":{"rendered":"M\u00e9i finanziell H\u00ebllef fir Leit mat w\u00e9ineg Moyenen"},"content":{"rendered":"","protected":false},"excerpt":{"rendered":"","protected":false},"featured_media":13557,"template":"","class_list":["post-13558","revue-de-presse","type-revue-de-presse","status-publish","has-post-thumbnail","hentry"],"acf":[],"_links":{"self":[{"href":"https:\/\/www.copas.lu\/de\/wp-json\/wp\/v2\/revue-de-presse\/13558","targetHints":{"allow":["GET"]}}],"collection":[{"href":"https:\/\/www.copas.lu\/de\/wp-json\/wp\/v2\/revue-de-presse"}],"about":[{"href":"https:\/\/www.copas.lu\/de\/wp-json\/wp\/v2\/types\/revue-de-presse"}],"wp:featuredmedia":[{"embeddable":true,"href":"https:\/\/www.copas.lu\/de\/wp-json\/wp\/v2\/media\/13557"}],"wp:attachment":[{"href":"https:\/\/www.copas.lu\/de\/wp-json\/wp\/v2\/media?parent=13558"}],"curies":[{"name":"wp","href":"https:\/\/api.w.org\/{rel}","templated":true}]}}