{"id":13178,"date":"2024-10-25T15:31:29","date_gmt":"2024-10-25T13:31:29","guid":{"rendered":"https:\/\/www.copas.lu\/?post_type=revue-de-presse&#038;p=13178"},"modified":"2024-10-25T15:31:29","modified_gmt":"2024-10-25T13:31:29","slug":"therapie-mat-deieren-wei-henger-de-bewunner-am-altersheem-vu-suessem-hellefen","status":"publish","type":"revue-de-presse","link":"https:\/\/www.copas.lu\/de\/revue-de-presse\/therapie-mat-deieren-wei-henger-de-bewunner-am-altersheem-vu-suessem-hellefen\/","title":{"rendered":"Therapie mat D\u00e9ieren W\u00e9i H\u00e9nger de Bewunner am Altersheem vu Suessem h\u00ebllefen"},"content":{"rendered":"","protected":false},"excerpt":{"rendered":"","protected":false},"featured_media":13179,"template":"","class_list":["post-13178","revue-de-presse","type-revue-de-presse","status-publish","has-post-thumbnail","hentry"],"acf":[],"_links":{"self":[{"href":"https:\/\/www.copas.lu\/de\/wp-json\/wp\/v2\/revue-de-presse\/13178","targetHints":{"allow":["GET"]}}],"collection":[{"href":"https:\/\/www.copas.lu\/de\/wp-json\/wp\/v2\/revue-de-presse"}],"about":[{"href":"https:\/\/www.copas.lu\/de\/wp-json\/wp\/v2\/types\/revue-de-presse"}],"wp:featuredmedia":[{"embeddable":true,"href":"https:\/\/www.copas.lu\/de\/wp-json\/wp\/v2\/media\/13179"}],"wp:attachment":[{"href":"https:\/\/www.copas.lu\/de\/wp-json\/wp\/v2\/media?parent=13178"}],"curies":[{"name":"wp","href":"https:\/\/api.w.org\/{rel}","templated":true}]}}