{"id":12182,"date":"2024-04-25T16:29:49","date_gmt":"2024-04-25T14:29:49","guid":{"rendered":"https:\/\/www.copas.lu\/?post_type=revue-de-presse&#038;p=12182"},"modified":"2024-04-25T16:29:49","modified_gmt":"2024-04-25T14:29:49","slug":"residences-seniors-paiperleck-le-present-et-lavenir-du-troisieme-age","status":"publish","type":"revue-de-presse","link":"https:\/\/www.copas.lu\/de\/revue-de-presse\/residences-seniors-paiperleck-le-present-et-lavenir-du-troisieme-age\/","title":{"rendered":"R\u00e9sidences seniors: P\u00e4iperl\u00e9ck, le pr\u00e9sent et l\u2019avenir du troisi\u00e8me \u00e2ge"},"content":{"rendered":"","protected":false},"excerpt":{"rendered":"","protected":false},"featured_media":12184,"template":"","class_list":["post-12182","revue-de-presse","type-revue-de-presse","status-publish","has-post-thumbnail","hentry"],"acf":[],"_links":{"self":[{"href":"https:\/\/www.copas.lu\/de\/wp-json\/wp\/v2\/revue-de-presse\/12182","targetHints":{"allow":["GET"]}}],"collection":[{"href":"https:\/\/www.copas.lu\/de\/wp-json\/wp\/v2\/revue-de-presse"}],"about":[{"href":"https:\/\/www.copas.lu\/de\/wp-json\/wp\/v2\/types\/revue-de-presse"}],"wp:featuredmedia":[{"embeddable":true,"href":"https:\/\/www.copas.lu\/de\/wp-json\/wp\/v2\/media\/12184"}],"wp:attachment":[{"href":"https:\/\/www.copas.lu\/de\/wp-json\/wp\/v2\/media?parent=12182"}],"curies":[{"name":"wp","href":"https:\/\/api.w.org\/{rel}","templated":true}]}}